{"id":3049,"date":"2021-11-05T11:33:28","date_gmt":"2021-11-05T11:33:28","guid":{"rendered":"https:\/\/coopluzelena.com.ar\/NewSite\/?p=3049"},"modified":"2021-11-25T12:32:45","modified_gmt":"2021-11-25T12:32:45","slug":"pasantias-laborales-en-nuestra-institucion","status":"publish","type":"post","link":"https:\/\/coopluzelena.com.ar\/NewSite\/pasantias-laborales-en-nuestra-institucion\/","title":{"rendered":"Pasant\u00edas laborales en nuestra Instituci\u00f3n."},"content":{"rendered":"\n<div class=\"wp-block-columns is-layout-flex wp-container-core-columns-is-layout-28f84493 wp-block-columns-is-layout-flex\">\n<div class=\"wp-block-column is-layout-flow wp-block-column-is-layout-flow\" style=\"flex-basis:100%\">\n<div class=\"wp-block-columns is-layout-flex wp-container-core-columns-is-layout-28f84493 wp-block-columns-is-layout-flex\">\n<div class=\"wp-block-column is-layout-flow wp-block-column-is-layout-flow\" style=\"flex-basis:100%\">\n<div class=\"wp-block-columns is-layout-flex wp-container-core-columns-is-layout-28f84493 wp-block-columns-is-layout-flex\">\n<div class=\"wp-block-column is-layout-flow wp-block-column-is-layout-flow\">\n<figure class=\"wp-block-image size-large\"><a href=\"https:\/\/coopluzelena.com.ar\/NewSite\/wp-content\/uploads\/2021\/11\/WhatsApp-Image-2021-11-05-at-08.21.19.jpeg\"><img fetchpriority=\"high\" decoding=\"async\" width=\"1024\" height=\"1024\" src=\"https:\/\/coopluzelena.com.ar\/NewSite\/wp-content\/uploads\/2021\/11\/WhatsApp-Image-2021-11-05-at-08.21.19-1024x1024.jpeg\" alt=\"\" class=\"wp-image-3051\" srcset=\"https:\/\/coopluzelena.com.ar\/NewSite\/wp-content\/uploads\/2021\/11\/WhatsApp-Image-2021-11-05-at-08.21.19-1024x1024.jpeg 1024w, https:\/\/coopluzelena.com.ar\/NewSite\/wp-content\/uploads\/2021\/11\/WhatsApp-Image-2021-11-05-at-08.21.19-300x300.jpeg 300w, https:\/\/coopluzelena.com.ar\/NewSite\/wp-content\/uploads\/2021\/11\/WhatsApp-Image-2021-11-05-at-08.21.19-150x150.jpeg 150w, https:\/\/coopluzelena.com.ar\/NewSite\/wp-content\/uploads\/2021\/11\/WhatsApp-Image-2021-11-05-at-08.21.19-768x768.jpeg 768w, https:\/\/coopluzelena.com.ar\/NewSite\/wp-content\/uploads\/2021\/11\/WhatsApp-Image-2021-11-05-at-08.21.19-1536x1536.jpeg 1536w, https:\/\/coopluzelena.com.ar\/NewSite\/wp-content\/uploads\/2021\/11\/WhatsApp-Image-2021-11-05-at-08.21.19.jpeg 1544w\" sizes=\"(max-width: 1024px) 100vw, 1024px\" \/><\/a><\/figure>\n<\/div>\n\n\n\n<div class=\"wp-block-column is-layout-flow wp-block-column-is-layout-flow\">\n<figure class=\"wp-block-image size-large\"><a href=\"https:\/\/coopluzelena.com.ar\/NewSite\/wp-content\/uploads\/2021\/11\/WhatsApp-Image-2021-11-05-at-08.21.18.jpeg\"><img decoding=\"async\" width=\"1024\" height=\"1024\" src=\"https:\/\/coopluzelena.com.ar\/NewSite\/wp-content\/uploads\/2021\/11\/WhatsApp-Image-2021-11-05-at-08.21.18-1024x1024.jpeg\" alt=\"\" class=\"wp-image-3052\" srcset=\"https:\/\/coopluzelena.com.ar\/NewSite\/wp-content\/uploads\/2021\/11\/WhatsApp-Image-2021-11-05-at-08.21.18-1024x1024.jpeg 1024w, https:\/\/coopluzelena.com.ar\/NewSite\/wp-content\/uploads\/2021\/11\/WhatsApp-Image-2021-11-05-at-08.21.18-300x300.jpeg 300w, https:\/\/coopluzelena.com.ar\/NewSite\/wp-content\/uploads\/2021\/11\/WhatsApp-Image-2021-11-05-at-08.21.18-150x150.jpeg 150w, https:\/\/coopluzelena.com.ar\/NewSite\/wp-content\/uploads\/2021\/11\/WhatsApp-Image-2021-11-05-at-08.21.18-768x768.jpeg 768w, https:\/\/coopluzelena.com.ar\/NewSite\/wp-content\/uploads\/2021\/11\/WhatsApp-Image-2021-11-05-at-08.21.18-1536x1536.jpeg 1536w, https:\/\/coopluzelena.com.ar\/NewSite\/wp-content\/uploads\/2021\/11\/WhatsApp-Image-2021-11-05-at-08.21.18.jpeg 1544w\" sizes=\"(max-width: 1024px) 100vw, 1024px\" \/><\/a><\/figure>\n<\/div>\n<\/div>\n<\/div>\n<\/div>\n<\/div>\n<\/div>\n\n\n\n<h2 class=\"wp-block-heading\">Pasant\u00edas laborales en nuestra Instituci\u00f3n.<\/h2>\n\n\n\n<p>En nuestra instituci\u00f3n recibimos a Ariel Malisssia como parte del <strong>Proyecto Institucional de Pasant\u00edas Laborales de la Escuela Especial Santa Elena<\/strong>. Las pasant\u00edas son consideradas una instancia de formaci\u00f3n integrada y transformadora del resto de las actividades escolares. Este proyecto surge en el marco de la formaci\u00f3n laboral de los estudiantes de dicha escuela y constituye uno de los ejes del PEI. Nos enorgullece que nos hayan escogido como Instituci\u00f3n y esperamos ser el espacio adecuado para que Ariel pueda expresar sus posibilidades junto al equipo de trabajo que conforma esta Cooperativa.<\/p>\n","protected":false},"excerpt":{"rendered":"<p>Pasant\u00edas laborales en nuestra Instituci\u00f3n. En nuestra instituci\u00f3n recibimos a Ariel Malisssia como parte del Proyecto Institucional de Pasant\u00edas Laborales de la Escuela Especial Santa Elena. Las pasant\u00edas son consideradas una instancia de formaci\u00f3n integrada y transformadora del resto de las actividades escolares. Este proyecto surge en el marco de la formaci\u00f3n laboral de los [&hellip;]<\/p>\n","protected":false},"author":2,"featured_media":3051,"comment_status":"closed","ping_status":"closed","sticky":false,"template":"","format":"standard","meta":{"site-sidebar-layout":"default","site-content-layout":"default","ast-site-content-layout":"default","site-content-style":"default","site-sidebar-style":"default","ast-global-header-display":"","ast-banner-title-visibility":"","ast-main-header-display":"","ast-hfb-above-header-display":"","ast-hfb-below-header-display":"","ast-hfb-mobile-header-display":"","site-post-title":"","ast-breadcrumbs-content":"","ast-featured-img":"","footer-sml-layout":"","ast-disable-related-posts":"","theme-transparent-header-meta":"default","adv-header-id-meta":"","stick-header-meta":"default","header-above-stick-meta":"","header-main-stick-meta":"","header-below-stick-meta":"","astra-migrate-meta-layouts":"default","ast-page-background-enabled":"default","ast-page-background-meta":{"desktop":{"background-color":"","background-image":"","background-repeat":"repeat","background-position":"center center","background-size":"auto","background-attachment":"scroll","background-type":"","background-media":"","overlay-type":"","overlay-color":"","overlay-opacity":"","overlay-gradient":""},"tablet":{"background-color":"","background-image":"","background-repeat":"repeat","background-position":"center center","background-size":"auto","background-attachment":"scroll","background-type":"","background-media":"","overlay-type":"","overlay-color":"","overlay-opacity":"","overlay-gradient":""},"mobile":{"background-color":"","background-image":"","background-repeat":"repeat","background-position":"center center","background-size":"auto","background-attachment":"scroll","background-type":"","background-media":"","overlay-type":"","overlay-color":"","overlay-opacity":"","overlay-gradient":""}},"ast-content-background-meta":{"desktop":{"background-color":"var(--ast-global-color-5)","background-image":"","background-repeat":"repeat","background-position":"center center","background-size":"auto","background-attachment":"scroll","background-type":"","background-media":"","overlay-type":"","overlay-color":"","overlay-opacity":"","overlay-gradient":""},"tablet":{"background-color":"var(--ast-global-color-5)","background-image":"","background-repeat":"repeat","background-position":"center center","background-size":"auto","background-attachment":"scroll","background-type":"","background-media":"","overlay-type":"","overlay-color":"","overlay-opacity":"","overlay-gradient":""},"mobile":{"background-color":"var(--ast-global-color-5)","background-image":"","background-repeat":"repeat","background-position":"center center","background-size":"auto","background-attachment":"scroll","background-type":"","background-media":"","overlay-type":"","overlay-color":"","overlay-opacity":"","overlay-gradient":""}},"footnotes":""},"categories":[10],"tags":[],"class_list":["post-3049","post","type-post","status-publish","format-standard","has-post-thumbnail","hentry","category-noticias"],"_links":{"self":[{"href":"https:\/\/coopluzelena.com.ar\/NewSite\/wp-json\/wp\/v2\/posts\/3049","targetHints":{"allow":["GET"]}}],"collection":[{"href":"https:\/\/coopluzelena.com.ar\/NewSite\/wp-json\/wp\/v2\/posts"}],"about":[{"href":"https:\/\/coopluzelena.com.ar\/NewSite\/wp-json\/wp\/v2\/types\/post"}],"author":[{"embeddable":true,"href":"https:\/\/coopluzelena.com.ar\/NewSite\/wp-json\/wp\/v2\/users\/2"}],"replies":[{"embeddable":true,"href":"https:\/\/coopluzelena.com.ar\/NewSite\/wp-json\/wp\/v2\/comments?post=3049"}],"version-history":[{"count":2,"href":"https:\/\/coopluzelena.com.ar\/NewSite\/wp-json\/wp\/v2\/posts\/3049\/revisions"}],"predecessor-version":[{"id":3054,"href":"https:\/\/coopluzelena.com.ar\/NewSite\/wp-json\/wp\/v2\/posts\/3049\/revisions\/3054"}],"wp:featuredmedia":[{"embeddable":true,"href":"https:\/\/coopluzelena.com.ar\/NewSite\/wp-json\/wp\/v2\/media\/3051"}],"wp:attachment":[{"href":"https:\/\/coopluzelena.com.ar\/NewSite\/wp-json\/wp\/v2\/media?parent=3049"}],"wp:term":[{"taxonomy":"category","embeddable":true,"href":"https:\/\/coopluzelena.com.ar\/NewSite\/wp-json\/wp\/v2\/categories?post=3049"},{"taxonomy":"post_tag","embeddable":true,"href":"https:\/\/coopluzelena.com.ar\/NewSite\/wp-json\/wp\/v2\/tags?post=3049"}],"curies":[{"name":"wp","href":"https:\/\/api.w.org\/{rel}","templated":true}]}}