{"id":3114,"date":"2022-04-21T13:00:30","date_gmt":"2022-04-21T13:00:30","guid":{"rendered":"https:\/\/coopluzelena.com.ar\/NewSite\/?p=3114"},"modified":"2022-04-21T13:00:32","modified_gmt":"2022-04-21T13:00:32","slug":"75-anos-de-cooperativismo","status":"publish","type":"post","link":"https:\/\/coopluzelena.com.ar\/NewSite\/75-anos-de-cooperativismo\/","title":{"rendered":"75 A\u00d1OS DE COOPERATIVISMO"},"content":{"rendered":"\n<figure class=\"wp-block-image size-large is-resized\"><a href=\"https:\/\/coopluzelena.com.ar\/NewSite\/wp-content\/uploads\/2022\/04\/Sin-titulo-1-35-1-scaled.jpg\"><img fetchpriority=\"high\" decoding=\"async\" src=\"https:\/\/coopluzelena.com.ar\/NewSite\/wp-content\/uploads\/2022\/04\/Sin-titulo-1-35-1-1024x1024.jpg\" alt=\"\" class=\"wp-image-3117\" width=\"315\" height=\"315\" srcset=\"https:\/\/coopluzelena.com.ar\/NewSite\/wp-content\/uploads\/2022\/04\/Sin-titulo-1-35-1-1024x1024.jpg 1024w, https:\/\/coopluzelena.com.ar\/NewSite\/wp-content\/uploads\/2022\/04\/Sin-titulo-1-35-1-300x300.jpg 300w, https:\/\/coopluzelena.com.ar\/NewSite\/wp-content\/uploads\/2022\/04\/Sin-titulo-1-35-1-150x150.jpg 150w, https:\/\/coopluzelena.com.ar\/NewSite\/wp-content\/uploads\/2022\/04\/Sin-titulo-1-35-1-768x768.jpg 768w, https:\/\/coopluzelena.com.ar\/NewSite\/wp-content\/uploads\/2022\/04\/Sin-titulo-1-35-1-1536x1536.jpg 1536w, https:\/\/coopluzelena.com.ar\/NewSite\/wp-content\/uploads\/2022\/04\/Sin-titulo-1-35-1-2048x2048.jpg 2048w\" sizes=\"(max-width: 315px) 100vw, 315px\" \/><\/a><\/figure>\n\n\n\n<p><strong>En 1947, por una necesidad real, pero tambi\u00e9n como un acto de rebeld\u00eda, nace del esp\u00edritu emprendedor de j\u00f3venes elenenses, la idea y la concreci\u00f3n de auto-prestarse los servicios, que la incipiente poblaci\u00f3n requer\u00eda y reclamaba .-<\/strong><\/p>\n\n\n\n<p><strong>As\u00ed, viviendo el presente, pero con la mirada puesta en el futuro, se funda LA COOPERATIVA DE LUZ Y FUERZA DE ELENA LIMITADA.<\/strong><\/p>\n\n\n\n<p><strong>Pasaron\u00a0 SETENTA Y CINCO A\u00d1OS, la Cooperativa, SU COOPERATIVA, se fij\u00f3 metas, las plasm\u00f3 en realidades, y, hoy, definitivamente insertada en la sociedad elenense, celebra con j\u00fabilo el poder llegar a cada asociado, mejorando cada d\u00eda la prestaci\u00f3n de sus servicios, sinti\u00e9ndose parte del pujante devenir de la comunidad.<\/strong><\/p>\n","protected":false},"excerpt":{"rendered":"<p>En 1947, por una necesidad real, pero tambi\u00e9n como un acto de rebeld\u00eda, nace del esp\u00edritu emprendedor de j\u00f3venes elenenses, la idea y la concreci\u00f3n de auto-prestarse los servicios, que la incipiente poblaci\u00f3n requer\u00eda y reclamaba .- As\u00ed, viviendo el presente, pero con la mirada puesta en el futuro, se funda LA COOPERATIVA DE LUZ [&hellip;]<\/p>\n","protected":false},"author":2,"featured_media":3116,"comment_status":"closed","ping_status":"closed","sticky":false,"template":"","format":"standard","meta":{"site-sidebar-layout":"default","site-content-layout":"default","ast-site-content-layout":"default","site-content-style":"default","site-sidebar-style":"default","ast-global-header-display":"","ast-banner-title-visibility":"","ast-main-header-display":"","ast-hfb-above-header-display":"","ast-hfb-below-header-display":"","ast-hfb-mobile-header-display":"","site-post-title":"","ast-breadcrumbs-content":"","ast-featured-img":"","footer-sml-layout":"","ast-disable-related-posts":"","theme-transparent-header-meta":"default","adv-header-id-meta":"","stick-header-meta":"default","header-above-stick-meta":"","header-main-stick-meta":"","header-below-stick-meta":"","astra-migrate-meta-layouts":"default","ast-page-background-enabled":"default","ast-page-background-meta":{"desktop":{"background-color":"","background-image":"","background-repeat":"repeat","background-position":"center center","background-size":"auto","background-attachment":"scroll","background-type":"","background-media":"","overlay-type":"","overlay-color":"","overlay-opacity":"","overlay-gradient":""},"tablet":{"background-color":"","background-image":"","background-repeat":"repeat","background-position":"center center","background-size":"auto","background-attachment":"scroll","background-type":"","background-media":"","overlay-type":"","overlay-color":"","overlay-opacity":"","overlay-gradient":""},"mobile":{"background-color":"","background-image":"","background-repeat":"repeat","background-position":"center center","background-size":"auto","background-attachment":"scroll","background-type":"","background-media":"","overlay-type":"","overlay-color":"","overlay-opacity":"","overlay-gradient":""}},"ast-content-background-meta":{"desktop":{"background-color":"var(--ast-global-color-5)","background-image":"","background-repeat":"repeat","background-position":"center center","background-size":"auto","background-attachment":"scroll","background-type":"","background-media":"","overlay-type":"","overlay-color":"","overlay-opacity":"","overlay-gradient":""},"tablet":{"background-color":"var(--ast-global-color-5)","background-image":"","background-repeat":"repeat","background-position":"center center","background-size":"auto","background-attachment":"scroll","background-type":"","background-media":"","overlay-type":"","overlay-color":"","overlay-opacity":"","overlay-gradient":""},"mobile":{"background-color":"var(--ast-global-color-5)","background-image":"","background-repeat":"repeat","background-position":"center center","background-size":"auto","background-attachment":"scroll","background-type":"","background-media":"","overlay-type":"","overlay-color":"","overlay-opacity":"","overlay-gradient":""}},"footnotes":""},"categories":[10],"tags":[],"class_list":["post-3114","post","type-post","status-publish","format-standard","has-post-thumbnail","hentry","category-noticias"],"_links":{"self":[{"href":"https:\/\/coopluzelena.com.ar\/NewSite\/wp-json\/wp\/v2\/posts\/3114","targetHints":{"allow":["GET"]}}],"collection":[{"href":"https:\/\/coopluzelena.com.ar\/NewSite\/wp-json\/wp\/v2\/posts"}],"about":[{"href":"https:\/\/coopluzelena.com.ar\/NewSite\/wp-json\/wp\/v2\/types\/post"}],"author":[{"embeddable":true,"href":"https:\/\/coopluzelena.com.ar\/NewSite\/wp-json\/wp\/v2\/users\/2"}],"replies":[{"embeddable":true,"href":"https:\/\/coopluzelena.com.ar\/NewSite\/wp-json\/wp\/v2\/comments?post=3114"}],"version-history":[{"count":1,"href":"https:\/\/coopluzelena.com.ar\/NewSite\/wp-json\/wp\/v2\/posts\/3114\/revisions"}],"predecessor-version":[{"id":3118,"href":"https:\/\/coopluzelena.com.ar\/NewSite\/wp-json\/wp\/v2\/posts\/3114\/revisions\/3118"}],"wp:featuredmedia":[{"embeddable":true,"href":"https:\/\/coopluzelena.com.ar\/NewSite\/wp-json\/wp\/v2\/media\/3116"}],"wp:attachment":[{"href":"https:\/\/coopluzelena.com.ar\/NewSite\/wp-json\/wp\/v2\/media?parent=3114"}],"wp:term":[{"taxonomy":"category","embeddable":true,"href":"https:\/\/coopluzelena.com.ar\/NewSite\/wp-json\/wp\/v2\/categories?post=3114"},{"taxonomy":"post_tag","embeddable":true,"href":"https:\/\/coopluzelena.com.ar\/NewSite\/wp-json\/wp\/v2\/tags?post=3114"}],"curies":[{"name":"wp","href":"https:\/\/api.w.org\/{rel}","templated":true}]}}